
{"id":709,"date":"2017-03-21T13:53:56","date_gmt":"2017-03-21T13:53:56","guid":{"rendered":"http:\/\/www.motorkari-olomouc.cz\/?p=709"},"modified":"2017-03-23T08:10:37","modified_gmt":"2017-03-23T08:10:37","slug":"zahajeni-motosezony-s-olomouc-bikers-o-b-f-22-04-2017","status":"publish","type":"post","link":"https:\/\/www.motorkari-olomouc.cz\/?p=709","title":{"rendered":"Zah\u00e1jen\u00ed motosezony s Olomouc Bikers O.B.F. 22.04.2017"},"content":{"rendered":"<p>&nbsp;<\/p>\n<p><a href=\"http:\/\/www.os.motorkari-olomouc.cz\/wp-content\/uploads\/2017\/03\/Zah\u00e1jen\u00ed-2017resize.jpg\"><img loading=\"lazy\" decoding=\"async\" class=\"aligncenter size-medium wp-image-714\" src=\"http:\/\/www.os.motorkari-olomouc.cz\/wp-content\/uploads\/2017\/03\/Zah\u00e1jen\u00ed-2017resize-300x212.jpg\" alt=\"\" width=\"300\" height=\"212\" srcset=\"https:\/\/www.motorkari-olomouc.cz\/wp-content\/uploads\/2017\/03\/Zah\u00e1jen\u00ed-2017resize-300x212.jpg 300w, https:\/\/www.motorkari-olomouc.cz\/wp-content\/uploads\/2017\/03\/Zah\u00e1jen\u00ed-2017resize-768x543.jpg 768w, https:\/\/www.motorkari-olomouc.cz\/wp-content\/uploads\/2017\/03\/Zah\u00e1jen\u00ed-2017resize-1024x724.jpg 1024w, https:\/\/www.motorkari-olomouc.cz\/wp-content\/uploads\/2017\/03\/Zah\u00e1jen\u00ed-2017resize.jpg 1448w\" sizes=\"auto, (max-width: 300px) 100vw, 300px\" \/><\/a><\/p>\n<p>Olomouc Bikers \u2013 O.B.F. si V\u00e1s dovoluj\u00ed pozvat na zah\u00e1jen\u00ed motosezony 2017.<br \/>\nSraz v\u0161ech \u00fa\u010dastn\u00edk\u016f na Leti\u0161ti v Olomouci v dob\u011b od 11.00 do 12.00 hod.<br \/>\nOb\u010derstven\u00ed a doprovodn\u00fd program zaji\u0161t\u011bn v AirBaru a p\u0159ilehl\u00fdch st\u00e1nc\u00edch.<br \/>\nPo se\u0159azen\u00ed asi ve 12.15 hod. se vyd\u00e1me na spole\u010dnou vyj\u00ed\u017e\u010fku po okol\u00ed,<br \/>\nkter\u00e1 bude zakon\u010dena op\u011bt na leti\u0161ti. Srde\u010dn\u011b zvou po\u0159adatel\u00e9:<br \/>\nOlomouc Bikers-O.B.F. , Han\u00e1ck\u00fd Leteck\u00fd Klub Olomouc, AirBar Olomouc.<\/p>\n<p>GPS: 49\u00b035&#8217;32.6&#8243;N 17\u00b012&#8217;37.4&#8243;E<br \/>\nAirBar Leti\u0161t\u011b: <a class=\"EXTERNAL_LINK_CLASS\" href=\"https:\/\/goo.gl\/maps\/UKats1L3ZyQ2\" rel=\"nofollow\">https:\/\/goo.gl\/maps\/UKats1L3ZyQ2<\/a><br \/>\nMapa trasy:&nbsp;<a href=\"https:\/\/postimg.cc\/image\/mab6dzqif\/\">https:\/\/postimg.cc\/image\/mab6dzqif<\/a><\/p>\n<p>V\u00fdjezd z Olomouck\u00e9ho leti\u0161t\u011b po silnici t\u0159. M\u00edru III\/448 z Olomouce p\u0159es obec Topolany, \u00dast\u00edn, Te\u0161etice, Rataje, Drahanovice, Lou\u010dany, Senice na Han\u00e9, Un\u010dovice, Rozvadovice, Litovel, T\u0159i Dvory, P\u0148ovice, \u0160t\u011bp\u00e1nov, Chomoutov, Horka nad Moravou, K\u0159elov,K\u0159elov po silnici II\/635, zp\u011bt na Topolany po silnici III\/5709, do Olomouce po silnici II\/448 zp\u011bt na leti\u0161t\u011b Olomouc.<br \/>\n!! Dbejte pokyn\u016f po\u0159adatel\u016f, pohyb na leti\u0161ti pouze ve vyhrazen\u00fdch prostorech !!<\/p>\n<p>Plak\u00e1t FULL SIZE: <a class=\"EXTERNAL_LINK_CLASS\" href=\"https:\/\/goo.gl\/photos\/BfFfUQkBLqPdkXRj6\" rel=\"nofollow\">https:\/\/goo.gl\/photos\/BfFfUQkBLqPdkXRj6<\/a><\/p>\n","protected":false},"excerpt":{"rendered":"<p>&nbsp; Olomouc Bikers \u2013 O.B.F. si V\u00e1s dovoluj\u00ed pozvat na zah\u00e1jen\u00ed motosezony 2017. Sraz v\u0161ech \u00fa\u010dastn\u00edk\u016f na Leti\u0161ti v Olomouci v dob\u011b od 11.00 do 12.00 hod. Ob\u010derstven\u00ed a doprovodn\u00fd program zaji\u0161t\u011bn v AirBaru a p\u0159ilehl\u00fdch st\u00e1nc\u00edch. Po se\u0159azen\u00ed asi ve 12.15 hod. se vyd\u00e1me na spole\u010dnou vyj\u00ed\u017e\u010fku po okol\u00ed, kter\u00e1 bude zakon\u010dena op\u011bt na [&hellip;]<\/p>\n","protected":false},"author":1,"featured_media":0,"comment_status":"open","ping_status":"open","sticky":false,"template":"","format":"standard","meta":{"ngg_post_thumbnail":0,"footnotes":""},"categories":[6],"tags":[],"class_list":["post-709","post","type-post","status-publish","format-standard","hentry","category-motorkari-olomouc-olomouc-bikers"],"_links":{"self":[{"href":"https:\/\/www.motorkari-olomouc.cz\/index.php?rest_route=\/wp\/v2\/posts\/709","targetHints":{"allow":["GET"]}}],"collection":[{"href":"https:\/\/www.motorkari-olomouc.cz\/index.php?rest_route=\/wp\/v2\/posts"}],"about":[{"href":"https:\/\/www.motorkari-olomouc.cz\/index.php?rest_route=\/wp\/v2\/types\/post"}],"author":[{"embeddable":true,"href":"https:\/\/www.motorkari-olomouc.cz\/index.php?rest_route=\/wp\/v2\/users\/1"}],"replies":[{"embeddable":true,"href":"https:\/\/www.motorkari-olomouc.cz\/index.php?rest_route=%2Fwp%2Fv2%2Fcomments&post=709"}],"version-history":[{"count":5,"href":"https:\/\/www.motorkari-olomouc.cz\/index.php?rest_route=\/wp\/v2\/posts\/709\/revisions"}],"predecessor-version":[{"id":716,"href":"https:\/\/www.motorkari-olomouc.cz\/index.php?rest_route=\/wp\/v2\/posts\/709\/revisions\/716"}],"wp:attachment":[{"href":"https:\/\/www.motorkari-olomouc.cz\/index.php?rest_route=%2Fwp%2Fv2%2Fmedia&parent=709"}],"wp:term":[{"taxonomy":"category","embeddable":true,"href":"https:\/\/www.motorkari-olomouc.cz\/index.php?rest_route=%2Fwp%2Fv2%2Fcategories&post=709"},{"taxonomy":"post_tag","embeddable":true,"href":"https:\/\/www.motorkari-olomouc.cz\/index.php?rest_route=%2Fwp%2Fv2%2Ftags&post=709"}],"curies":[{"name":"wp","href":"https:\/\/api.w.org\/{rel}","templated":true}]}}