
{"id":690,"date":"2016-04-25T06:44:41","date_gmt":"2016-04-25T06:44:41","guid":{"rendered":"http:\/\/www.motorkari-olomouc.cz\/?p=690"},"modified":"2016-04-25T08:01:47","modified_gmt":"2016-04-25T08:01:47","slug":"690","status":"publish","type":"post","link":"https:\/\/www.motorkari-olomouc.cz\/?p=690","title":{"rendered":"Stovky motorek bur\u00e1cely u radnice. Motork\u00e1\u0159i i jejich kr\u00e1sn\u00e9 d\u00edvky vl\u00e1dli m\u011bstu"},"content":{"rendered":"<div style=\"width: 640px;\" class=\"wp-video\"><video class=\"wp-video-shortcode\" id=\"video-690-1\" width=\"640\" height=\"360\" preload=\"metadata\" controls=\"controls\"><source type=\"video\/mp4\" src=\"http:\/\/v.denik.cz\/2016\/04\/24\/043\/motorkari-oo00.mp4?_=1\" \/><a href=\"http:\/\/v.denik.cz\/2016\/04\/24\/043\/motorkari-oo00.mp4\">http:\/\/v.denik.cz\/2016\/04\/24\/043\/motorkari-oo00.mp4<\/a><\/video><\/div>\n<h4 id=\"page-title\" class=\"title\"><a href=\"http:\/\/olomoucky.rej.cz\/clanky\/zpravy\/1921-stovky-motorek-buracely-u-radnice-motorkari-i-jejich-krasne-divky-vladli-mestu\">Stovky motorek bur\u00e1cely u radnice. Motork\u00e1\u0159i i jejich kr\u00e1sn\u00e9 d\u00edvky vl\u00e1dli m\u011bstu<\/a><\/h4>\n<h4 id=\"page-title\" class=\"title\"><a href=\"http:\/\/olomoucky.denik.cz\/zpravy_region\/motorkari-se-potkali-v-centru-olomouce-spolecne-zahajili-sezonu-20160424.html\">Z\u00e1plava motorek v centru Olomouce ostartovala sez\u00f3nu 2016<\/a><\/h4>\n<p>&nbsp;<\/p>\n<p><span class=\"youtube\"><iframe loading=\"lazy\" title=\"YouTube video player\" class=\"youtube-player\" type=\"text\/html\" width=\"480\" height=\"385\" src=\"\/\/www.youtube.com\/embed\/j3Z_pSXbBG8?wmode=transparent&amp;fs=1&amp;hl=en&amp;modestbranding=1&amp;iv_load_policy=3&amp;showsearch=0&amp;rel=1&amp;theme=dark\" frameborder=\"0\" allowfullscreen><\/iframe><\/span><br \/>\n \u00a0<br \/>\n<span class=\"youtube\"><iframe loading=\"lazy\" title=\"YouTube video player\" class=\"youtube-player\" type=\"text\/html\" width=\"480\" height=\"385\" src=\"\/\/www.youtube.com\/embed\/91J2naNVS18?wmode=transparent&amp;fs=1&amp;hl=en&amp;modestbranding=1&amp;iv_load_policy=3&amp;showsearch=0&amp;rel=1&amp;theme=dark\" frameborder=\"0\" allowfullscreen><\/iframe><\/span><\/p>\n","protected":false},"excerpt":{"rendered":"<p>Stovky motorek bur\u00e1cely u radnice. Motork\u00e1\u0159i i jejich kr\u00e1sn\u00e9 d\u00edvky vl\u00e1dli m\u011bstu Z\u00e1plava motorek v centru Olomouce ostartovala sez\u00f3nu 2016 &nbsp; \u00a0<\/p>\n","protected":false},"author":1,"featured_media":0,"comment_status":"open","ping_status":"open","sticky":false,"template":"","format":"standard","meta":{"ngg_post_thumbnail":0,"footnotes":""},"categories":[6],"tags":[],"class_list":["post-690","post","type-post","status-publish","format-standard","hentry","category-motorkari-olomouc-olomouc-bikers"],"_links":{"self":[{"href":"https:\/\/www.motorkari-olomouc.cz\/index.php?rest_route=\/wp\/v2\/posts\/690","targetHints":{"allow":["GET"]}}],"collection":[{"href":"https:\/\/www.motorkari-olomouc.cz\/index.php?rest_route=\/wp\/v2\/posts"}],"about":[{"href":"https:\/\/www.motorkari-olomouc.cz\/index.php?rest_route=\/wp\/v2\/types\/post"}],"author":[{"embeddable":true,"href":"https:\/\/www.motorkari-olomouc.cz\/index.php?rest_route=\/wp\/v2\/users\/1"}],"replies":[{"embeddable":true,"href":"https:\/\/www.motorkari-olomouc.cz\/index.php?rest_route=%2Fwp%2Fv2%2Fcomments&post=690"}],"version-history":[{"count":8,"href":"https:\/\/www.motorkari-olomouc.cz\/index.php?rest_route=\/wp\/v2\/posts\/690\/revisions"}],"predecessor-version":[{"id":701,"href":"https:\/\/www.motorkari-olomouc.cz\/index.php?rest_route=\/wp\/v2\/posts\/690\/revisions\/701"}],"wp:attachment":[{"href":"https:\/\/www.motorkari-olomouc.cz\/index.php?rest_route=%2Fwp%2Fv2%2Fmedia&parent=690"}],"wp:term":[{"taxonomy":"category","embeddable":true,"href":"https:\/\/www.motorkari-olomouc.cz\/index.php?rest_route=%2Fwp%2Fv2%2Fcategories&post=690"},{"taxonomy":"post_tag","embeddable":true,"href":"https:\/\/www.motorkari-olomouc.cz\/index.php?rest_route=%2Fwp%2Fv2%2Ftags&post=690"}],"curies":[{"name":"wp","href":"https:\/\/api.w.org\/{rel}","templated":true}]}}