
{"id":251,"date":"2011-10-16T10:11:37","date_gmt":"2011-10-16T10:11:37","guid":{"rendered":"http:\/\/www.motorkari-olomouc.cz\/?p=251"},"modified":"2012-02-06T21:25:15","modified_gmt":"2012-02-06T21:25:15","slug":"motorkari-ukoncili-sezonu-na-fortu-olomouc-vynechali","status":"publish","type":"post","link":"https:\/\/www.motorkari-olomouc.cz\/?p=251","title":{"rendered":"Motork\u00e1\u0159i ukon\u010dili sezonu na fortu, Olomouc vynechali"},"content":{"rendered":"<p>K\u0159elov-B\u0159uchot\u00edn \u2013 Tradi\u010dn\u00ed vyj\u00ed\u017e\u010fkou se zhruba t\u0159i stovky motork\u00e1\u0159\u016f v sobotu rozlou\u010dily s leto\u0161n\u00ed sezonou. Olomouci se v\u0161ak p\u0159ehl\u00eddka siln\u00fdch stroj\u016f vyhnula, tradi\u010dn\u00ed m\u00edsto setk\u00e1n\u00ed na Horn\u00edm n\u00e1m\u011bst\u00ed, nahradil are\u00e1l pevnosti Fort XVII v K\u0159elov\u011b-B\u0159uchot\u00edn\u011b. <!--more-->\u201eV posledn\u00edm roce se objevovaly n\u011bjak\u00e9 probl\u00e9my a sign\u00e1ly, \u017ee m\u011bsto nen\u00ed p\u0159\u00edli\u0161 naklon\u011bno t\u00e9to akci. Abychom se vyhnuli p\u0159\u00edpadn\u00fdm probl\u00e9m\u016fm, tak jsme volili tuto cestu,\u201c od\u016fvodnil Radek Ra\u0161ka, zakladatel a administr\u00e1tor port\u00e1lu olomouck\u00fdch motork\u00e1\u0159\u016f zm\u011bnu m\u00edsta.<\/p>\n<p>P\u0159ipomn\u011bl probl\u00e9my p\u0159i zah\u00e1jen\u00ed sezony, kdy se v den kon\u00e1n\u00ed akce, na tradi\u010dn\u00edm m\u00edst\u011b u letadla, objevilo dopravn\u00ed zna\u010den\u00ed upozor\u0148uj\u00edc\u00ed na \u00fadr\u017ebu nebo pr\u00e1ce na vozovce. Motork\u00e1\u0159i se tak narychlo p\u0159esunuli k jednomu z olomouck\u00fdch n\u00e1kupn\u00edch center.<\/p>\n<p>\u201eAkce byla \u00fasp\u011b\u0161n\u00e1. Jen\u017ee se \u00fadajn\u011b zm\u011bnil management a my jsme se m\u011bs\u00edc p\u0159ed po\u0159\u00e1d\u00e1n\u00edm t\u00e9to akce dozv\u011bd\u011bli, \u017ee si n\u00e1s tam na parkovi\u0161ti nep\u0159ej\u00ed. Je to \u0161koda, lidi motorky neuvid\u00ed, ale kdo chce, tak si je najde a p\u0159ijde sem,\u201c poznamenal Ra\u0161ka.<\/p>\n<p>Trasa spanil\u00e9 j\u00edzdy siln\u00fdch stroj\u016f m\u011bla stejn\u00fd c\u00edl, kopec Ecce Homo, cesta k n\u011bm v\u0161ak vedla jinudy.<\/p>\n<p>\u201eNechceme jet p\u0159es Olomouc, tak\u017ee z K\u0159elova m\u00e1me jedinou mo\u017enost, pojedeme sm\u011brem na Mohelnici a pak oklikou p\u0159es Lo\u0161tice, Mohelnici, Uni\u010dov, \u00dasov do \u0160ternberka,\u201c popsal cestu.<\/p>\n<p>Sraz si nenechal uj\u00edt ani Petr Rambousek z Velk\u00fdch Losin.<\/p>\n<p>\u201eD\u00e1 se \u0159\u00edct, \u017ee se \u00fa\u010dastn\u00edme pravideln\u011b a to i zah\u00e1jen\u00ed. M\u00e1m sk\u00fatr Hondu a jsem spokojen\u00fd. \u017de nen\u00ed rozlou\u010den\u00ed na Horn\u00edm n\u00e1m\u011bst\u00ed mi nevad\u00ed, je to zm\u011bna a vypad\u00e1 to tady hezky. Na proj\u00ed\u017e\u010fku se t\u011b\u0161\u00edm, u\u017eijeme si ji, slun\u00ed\u010dko n\u00e1m sv\u00edt\u00ed,\u201c \u0159ekl mu\u017e, kter\u00fd p\u0159ijel i s kolegou.<\/p>\n<p>\u201eVe dvou se jezd\u00ed l\u00e9pe,\u201c poznamenal.<\/p>\n<p>Rozlou\u010den\u00ed s motork\u00e1\u0159skou sezonou po\u017e\u00e1daj\u00ed olomou\u010dt\u00ed motork\u00e1\u0159i u\u017e po \u0161est\u00e9. Ka\u017edoro\u010dn\u011b se ho \u00fa\u010dastn\u00ed okolo \u010dty\u0159 set, p\u011bti set motorek.<\/p>\n<p>\u201eHodn\u011b lid\u00ed ale jezdilo tak, \u017ee p\u0159ijeli na sraz u letadla, vyj\u00ed\u017e\u010fky se pak u\u017e ne\u00fa\u010dastnili. Po\u010das\u00ed nen\u00ed \u00fapln\u011b ide\u00e1ln\u00ed. Letos p\u0159edpokl\u00e1d\u00e1me, \u017ee tyhle lidi nep\u0159ijedou, ale bude n\u00e1s okolo t\u0159\u00ed set motorek. Rekord m\u00e1me osm set devades\u00e1t, to bylo na zah\u00e1jen\u00ed sezony, kdy je \u00fa\u010dast v\u017edycky vy\u0161\u0161\u00ed,\u201c doplnil Radek Ra\u0161ka s t\u00edm, \u017ee akce \u00fa\u010dastnili jezdci z cel\u00e9 Moravy.<\/p>\n<p>P\u0159evzato z: <a href=\"http:\/\/olomoucky.denik.cz\/zpravy_region\/motorkari-ukoncili-sezonu-v-krelove-podivejte-se.html\" target=\"_blank\">Olomouck\u00fd denn\u00edk<\/a><\/p>\n","protected":false},"excerpt":{"rendered":"<p>K\u0159elov-B\u0159uchot\u00edn \u2013 Tradi\u010dn\u00ed vyj\u00ed\u017e\u010fkou se zhruba t\u0159i stovky motork\u00e1\u0159\u016f v sobotu rozlou\u010dily s leto\u0161n\u00ed sezonou. Olomouci se v\u0161ak p\u0159ehl\u00eddka siln\u00fdch stroj\u016f vyhnula, tradi\u010dn\u00ed m\u00edsto setk\u00e1n\u00ed na Horn\u00edm n\u00e1m\u011bst\u00ed, nahradil are\u00e1l pevnosti Fort XVII v K\u0159elov\u011b-B\u0159uchot\u00edn\u011b.<\/p>\n","protected":false},"author":1,"featured_media":0,"comment_status":"open","ping_status":"open","sticky":false,"template":"","format":"standard","meta":{"ngg_post_thumbnail":0,"footnotes":""},"categories":[6],"tags":[],"class_list":["post-251","post","type-post","status-publish","format-standard","hentry","category-motorkari-olomouc-olomouc-bikers"],"_links":{"self":[{"href":"https:\/\/www.motorkari-olomouc.cz\/index.php?rest_route=\/wp\/v2\/posts\/251","targetHints":{"allow":["GET"]}}],"collection":[{"href":"https:\/\/www.motorkari-olomouc.cz\/index.php?rest_route=\/wp\/v2\/posts"}],"about":[{"href":"https:\/\/www.motorkari-olomouc.cz\/index.php?rest_route=\/wp\/v2\/types\/post"}],"author":[{"embeddable":true,"href":"https:\/\/www.motorkari-olomouc.cz\/index.php?rest_route=\/wp\/v2\/users\/1"}],"replies":[{"embeddable":true,"href":"https:\/\/www.motorkari-olomouc.cz\/index.php?rest_route=%2Fwp%2Fv2%2Fcomments&post=251"}],"version-history":[{"count":3,"href":"https:\/\/www.motorkari-olomouc.cz\/index.php?rest_route=\/wp\/v2\/posts\/251\/revisions"}],"predecessor-version":[{"id":258,"href":"https:\/\/www.motorkari-olomouc.cz\/index.php?rest_route=\/wp\/v2\/posts\/251\/revisions\/258"}],"wp:attachment":[{"href":"https:\/\/www.motorkari-olomouc.cz\/index.php?rest_route=%2Fwp%2Fv2%2Fmedia&parent=251"}],"wp:term":[{"taxonomy":"category","embeddable":true,"href":"https:\/\/www.motorkari-olomouc.cz\/index.php?rest_route=%2Fwp%2Fv2%2Fcategories&post=251"},{"taxonomy":"post_tag","embeddable":true,"href":"https:\/\/www.motorkari-olomouc.cz\/index.php?rest_route=%2Fwp%2Fv2%2Ftags&post=251"}],"curies":[{"name":"wp","href":"https:\/\/api.w.org\/{rel}","templated":true}]}}