
{"id":1,"date":"2011-11-25T08:38:47","date_gmt":"2011-11-25T08:38:47","guid":{"rendered":"http:\/\/www.motorkari-olomouc.cz\/?p=1"},"modified":"2012-02-06T09:16:35","modified_gmt":"2012-02-06T09:16:35","slug":"ahoj-vsichni","status":"publish","type":"post","link":"https:\/\/www.motorkari-olomouc.cz\/?p=1","title":{"rendered":"V\u00edtejte na webu Olomouc Bikers &#8211; O.B.F."},"content":{"rendered":"<p>V\u00edtejte!<\/p>\n<p>Pr\u00e1v\u011b si prohl\u00ed\u017e\u00edte str\u00e1nku Ob\u010dansk\u00e9ho sdru\u017een\u00ed Olomouc Bikers &#8211; O.B.F. kter\u00e9 bylo zaps\u00e1no u Ministerstva vnitra \u010cR dne 9.11.2011 na z\u00e1klad\u011b z\u00e1kona \u010d.83\/1990 Sb. Z iniciativy zakladatele diskuzn\u00edho f\u00f3ra Olomouc Bikers &#8211; O.B.F. zalo\u017een\u00e9ho 20.11.2006, do\u0161lo p\u0159irozen\u00fdm v\u00fdvojem ke konverzi v o.s. tak aby v souladu se sv\u00fdmi stanovami mohly Olomou\u010dt\u00ed motork\u00e1\u0159i pracovat efektivn\u011bji n\u011b\u017e doposud. Tedy u\u017e ne &#8222;jen&#8220; jako neregistrovan\u00e1 parta jednotlivc\u016f a nad\u0161enc\u016f, pro kter\u00e9 je sice nad\u0161en\u00ed dobr\u00fdm motorem ale z\u00e1rove\u0148 nulov\u00fd statut uvnit\u0159 dne\u0161n\u00ed spole\u010dnosti obrovsk\u00fdm omezen\u00edm, a t\u00edm dos\u00e1hly lep\u0161\u00edch v\u00fdsledk\u016f. Ob\u010dansk\u00e9 sdru\u017een\u00ed Olomouc Bikers &#8211; O.B.F. chce p\u0159isp\u00edvat k \u0161\u00ed\u0159en\u00ed dobr\u00e9ho jm\u00e9na a pov\u011bsti nejen sdru\u017een\u00ed samotn\u00e9ho, ale i v\u0161ech ostatn\u00edch motork\u00e1\u0159\u016f. A to jak mezi ve\u0159ejnost\u00ed tak i mezi ostatn\u00edmi motork\u00e1\u0159i. Vzniklo aby \u0161\u00ed\u0159ilo zdrav\u00fd motork\u00e1\u0159sk\u00fd \u017eivotn\u00ed styl, p\u0159edev\u0161\u00edm f\u00e9rov\u00e9 chov\u00e1n\u00ed na silnic\u00edch, vz\u00e1jemnou \u00factu, respekt a toleranci.<!--more--><\/p>\n<p>Chceme pracovat na sv\u00e9m rozvoji, nehodl\u00e1me\u00a0 se spokojit se sou\u010dasn\u00fdm stavem vn\u00edm\u00e1n\u00ed motork\u00e1\u0159\u016f \u0161irokou ve\u0159ejnost\u00ed a hodl\u00e1me vytv\u00e1\u0159et adekv\u00e1tn\u00ed podm\u00ednky pro to aby se pohled na n\u00e1s upravil, alespo\u0148 do stavu jak\u00fdm jsme my motork\u00e1\u0159i vn\u00edm\u00e1ni v okoln\u00edch vysp\u011bl\u00fdch zem\u00edch.<\/p>\n<p>Ob\u010dansk\u00e9 sdru\u017een\u00ed\u00a0 s\u00eddl\u00ed v Olomouci a v sou\u010dasn\u00e9 dob\u011b m\u00e1 \u0161est \u0159\u00e1dn\u00fdch \u010dlen\u016f. Po uplynut\u00ed jednoho roku od zalo\u017een\u00ed O.B.F. a vyhodnocen\u00ed v\u00fdsledk\u016f jeho pr\u00e1ce, se \u010dlenem m\u016f\u017ee st\u00e1t ka\u017ed\u00e1 osoba star\u0161\u00ed 18-ti let, kter\u00e9 nebyla omezena zp\u016fsobilost k pr\u00e1vn\u00edm \u00fakon\u016fm a projev\u00ed o \u010dlenstv\u00ed z\u00e1jem pod\u00e1n\u00edm p\u0159ihl\u00e1\u0161ky k p\u0159edstavenstvu O.B.F.<\/p>\n<p>Je\u0161t\u011b jednou V\u00e1s tedy v\u00edt\u00e1me na na\u0161em webu, kde se dozv\u00edte nejen o O.B.F. samotn\u00e9m, ale i n\u011bco o jeho fungov\u00e1n\u00ed a po\u0159\u00e1dan\u00fdch akc\u00edch. Budou zde pravideln\u011b zve\u0159ej\u0148ov\u00e1ny d\u016fle\u017eit\u00e9 informace a dal\u0161\u00ed zpr\u00e1vy o jeho \u010dinnosti.<\/p>\n<p>&nbsp;<\/p>\n","protected":false},"excerpt":{"rendered":"<p>V\u00edtejte! Pr\u00e1v\u011b si prohl\u00ed\u017e\u00edte str\u00e1nku Ob\u010dansk\u00e9ho sdru\u017een\u00ed Olomouc Bikers &#8211; O.B.F. kter\u00e9 bylo zaps\u00e1no u Ministerstva vnitra \u010cR dne 9.11.2011 na z\u00e1klad\u011b z\u00e1kona \u010d.83\/1990 Sb. Z iniciativy zakladatele diskuzn\u00edho f\u00f3ra Olomouc Bikers &#8211; O.B.F. zalo\u017een\u00e9ho 20.11.2006, do\u0161lo p\u0159irozen\u00fdm v\u00fdvojem ke konverzi v o.s. tak aby v souladu se sv\u00fdmi stanovami mohly Olomou\u010dt\u00ed motork\u00e1\u0159i pracovat efektivn\u011bji [&hellip;]<\/p>\n","protected":false},"author":1,"featured_media":64,"comment_status":"open","ping_status":"open","sticky":false,"template":"","format":"standard","meta":{"ngg_post_thumbnail":0,"footnotes":""},"categories":[1],"tags":[],"class_list":["post-1","post","type-post","status-publish","format-standard","hentry","category-nezarazene"],"_links":{"self":[{"href":"https:\/\/www.motorkari-olomouc.cz\/index.php?rest_route=\/wp\/v2\/posts\/1","targetHints":{"allow":["GET"]}}],"collection":[{"href":"https:\/\/www.motorkari-olomouc.cz\/index.php?rest_route=\/wp\/v2\/posts"}],"about":[{"href":"https:\/\/www.motorkari-olomouc.cz\/index.php?rest_route=\/wp\/v2\/types\/post"}],"author":[{"embeddable":true,"href":"https:\/\/www.motorkari-olomouc.cz\/index.php?rest_route=\/wp\/v2\/users\/1"}],"replies":[{"embeddable":true,"href":"https:\/\/www.motorkari-olomouc.cz\/index.php?rest_route=%2Fwp%2Fv2%2Fcomments&post=1"}],"version-history":[{"count":15,"href":"https:\/\/www.motorkari-olomouc.cz\/index.php?rest_route=\/wp\/v2\/posts\/1\/revisions"}],"predecessor-version":[{"id":231,"href":"https:\/\/www.motorkari-olomouc.cz\/index.php?rest_route=\/wp\/v2\/posts\/1\/revisions\/231"}],"wp:featuredmedia":[{"embeddable":true,"href":"https:\/\/www.motorkari-olomouc.cz\/index.php?rest_route=\/wp\/v2\/media\/64"}],"wp:attachment":[{"href":"https:\/\/www.motorkari-olomouc.cz\/index.php?rest_route=%2Fwp%2Fv2%2Fmedia&parent=1"}],"wp:term":[{"taxonomy":"category","embeddable":true,"href":"https:\/\/www.motorkari-olomouc.cz\/index.php?rest_route=%2Fwp%2Fv2%2Fcategories&post=1"},{"taxonomy":"post_tag","embeddable":true,"href":"https:\/\/www.motorkari-olomouc.cz\/index.php?rest_route=%2Fwp%2Fv2%2Ftags&post=1"}],"curies":[{"name":"wp","href":"https:\/\/api.w.org\/{rel}","templated":true}]}}